{"id":41,"date":"2024-06-25T14:41:51","date_gmt":"2024-06-25T12:41:51","guid":{"rendered":"http:\/\/ngogrupa13.org.pl\/?p=41"},"modified":"2024-10-22T16:11:10","modified_gmt":"2024-10-22T14:11:10","slug":"aktywne-lato-z-grupa-13","status":"publish","type":"post","link":"http:\/\/ngogrupa13.org.pl\/?p=41","title":{"rendered":"Aktywne lato z Grup\u0105 13"},"content":{"rendered":"\n<p>Dzi\u0119ki dofinansowaniu uzyskanemu z Urz\u0119du Gminy D\u0142ugo\u0142\u0119ka, mo\u017cemy zaoferowa\u0107 udzia\u0142 w p\u00f3\u0142koloniach dla 5 os\u00f3b. <\/p>\n\n\n\n<figure class=\"wp-block-image size-large\"><img loading=\"lazy\" decoding=\"async\" width=\"724\" height=\"1024\" src=\"http:\/\/ngogrupa13.org.pl\/wp-content\/uploads\/2024\/06\/polkolonie-2024-aktywne-lato-kopia-724x1024.jpeg\" alt=\"\" class=\"wp-image-67\" srcset=\"http:\/\/ngogrupa13.org.pl\/wp-content\/uploads\/2024\/06\/polkolonie-2024-aktywne-lato-kopia-724x1024.jpeg 724w, http:\/\/ngogrupa13.org.pl\/wp-content\/uploads\/2024\/06\/polkolonie-2024-aktywne-lato-kopia-212x300.jpeg 212w, http:\/\/ngogrupa13.org.pl\/wp-content\/uploads\/2024\/06\/polkolonie-2024-aktywne-lato-kopia-768x1086.jpeg 768w, http:\/\/ngogrupa13.org.pl\/wp-content\/uploads\/2024\/06\/polkolonie-2024-aktywne-lato-kopia-1086x1536.jpeg 1086w, http:\/\/ngogrupa13.org.pl\/wp-content\/uploads\/2024\/06\/polkolonie-2024-aktywne-lato-kopia-1448x2048.jpeg 1448w, http:\/\/ngogrupa13.org.pl\/wp-content\/uploads\/2024\/06\/polkolonie-2024-aktywne-lato-kopia-1140x1612.jpeg 1140w, http:\/\/ngogrupa13.org.pl\/wp-content\/uploads\/2024\/06\/polkolonie-2024-aktywne-lato-kopia.jpeg 1800w\" sizes=\"auto, (max-width: 724px) 100vw, 724px\" \/><\/figure>\n","protected":false},"excerpt":{"rendered":"<p>Dzi\u0119ki dofinansowaniu uzyskanemu z Urz\u0119du Gminy D\u0142ugo\u0142\u0119ka, mo\u017cemy zaoferowa\u0107 udzia\u0142 w p\u00f3\u0142koloniach dla 5 os\u00f3b.<\/p>\n","protected":false},"author":1,"featured_media":0,"comment_status":"closed","ping_status":"","sticky":false,"template":"","format":"standard","meta":{"footnotes":""},"categories":[6],"tags":[],"class_list":["post-41","post","type-post","status-publish","format-standard","hentry","category-warsztaty-dla-dzieci"],"_links":{"self":[{"href":"http:\/\/ngogrupa13.org.pl\/index.php?rest_route=\/wp\/v2\/posts\/41","targetHints":{"allow":["GET"]}}],"collection":[{"href":"http:\/\/ngogrupa13.org.pl\/index.php?rest_route=\/wp\/v2\/posts"}],"about":[{"href":"http:\/\/ngogrupa13.org.pl\/index.php?rest_route=\/wp\/v2\/types\/post"}],"author":[{"embeddable":true,"href":"http:\/\/ngogrupa13.org.pl\/index.php?rest_route=\/wp\/v2\/users\/1"}],"replies":[{"embeddable":true,"href":"http:\/\/ngogrupa13.org.pl\/index.php?rest_route=%2Fwp%2Fv2%2Fcomments&post=41"}],"version-history":[{"count":3,"href":"http:\/\/ngogrupa13.org.pl\/index.php?rest_route=\/wp\/v2\/posts\/41\/revisions"}],"predecessor-version":[{"id":68,"href":"http:\/\/ngogrupa13.org.pl\/index.php?rest_route=\/wp\/v2\/posts\/41\/revisions\/68"}],"wp:attachment":[{"href":"http:\/\/ngogrupa13.org.pl\/index.php?rest_route=%2Fwp%2Fv2%2Fmedia&parent=41"}],"wp:term":[{"taxonomy":"category","embeddable":true,"href":"http:\/\/ngogrupa13.org.pl\/index.php?rest_route=%2Fwp%2Fv2%2Fcategories&post=41"},{"taxonomy":"post_tag","embeddable":true,"href":"http:\/\/ngogrupa13.org.pl\/index.php?rest_route=%2Fwp%2Fv2%2Ftags&post=41"}],"curies":[{"name":"wp","href":"https:\/\/api.w.org\/{rel}","templated":true}]}}